{"id":3833,"date":"2025-01-24T10:12:13","date_gmt":"2025-01-24T09:12:13","guid":{"rendered":"https:\/\/www.vinci-melun.org\/?p=3833"},"modified":"2025-01-29T11:01:09","modified_gmt":"2025-01-29T10:01:09","slug":"qualification-de-nos-etudiants-pour-la-phase-finale-des-olympiades-robotiques-fanuc-2025","status":"publish","type":"post","link":"https:\/\/www.vinci-melun.org\/index.php\/qualification-de-nos-etudiants-pour-la-phase-finale-des-olympiades-robotiques-fanuc-2025\/","title":{"rendered":"Qualification de nos \u00e9tudiants pour la phase finale des Olympiades Robotiques Fanuc 2025"},"content":{"rendered":"\n<p>Les \u00e9tudiants de BTS CRSA 2 de L\u00e9onard de Vinci de Melun et leur professeurs M. Jimenez et M. Fouill\u00e9 ont r\u00e9ussi pour la 9\u00e8me fois \u00e0 se qualifier pour la finale de cette comp\u00e9tition exigeante.<\/p>\n\n\n\n<p>Avant l\u2019\u00e9preuve, une formation compl\u00e9mentaire s\u2019est d\u00e9roul\u00e9e le 14 janvier 2025 au sein de l\u2019entreprise Fanuc, situ\u00e9e \u00e0 Lisses (91).<\/p>\n\n\n\n<p>Pour la comp\u00e9tition, les 3 \u00e9tudiants ont \u00e9t\u00e9 s\u00e9lectionn\u00e9s pour leur motivation, leur int\u00e9r\u00eat et leur niveau dans le domaine de la robotique enseign\u00e9 dans le parcours de formation.<\/p>\n\n\n\n<p>Tous les \u00e9tudiants du BTS CRSA 1 et 2 seront convi\u00e9s \u00e0 la phase finale de la comp\u00e9tition au mois d\u2019Avril pour encourager nos participants&nbsp;:<\/p>\n\n\n\n<p>Harold Bakenga, Johann Labbe, et William Innocent.<\/p>\n\n\n<div class=\"wp-block-image\">\n<figure class=\"aligncenter size-large\"><img loading=\"lazy\" decoding=\"async\" width=\"1024\" height=\"768\" src=\"https:\/\/www.vinci-melun.org\/wp-content\/uploads\/crsaunaf1-1024x768.jpg\" alt=\"\" class=\"wp-image-3834\" srcset=\"https:\/\/www.vinci-melun.org\/wp-content\/uploads\/crsaunaf1-1024x768.jpg 1024w, https:\/\/www.vinci-melun.org\/wp-content\/uploads\/crsaunaf1-300x225.jpg 300w, https:\/\/www.vinci-melun.org\/wp-content\/uploads\/crsaunaf1-768x576.jpg 768w, https:\/\/www.vinci-melun.org\/wp-content\/uploads\/crsaunaf1-570x428.jpg 570w, https:\/\/www.vinci-melun.org\/wp-content\/uploads\/crsaunaf1.jpg 1386w\" sizes=\"auto, (max-width: 1024px) 100vw, 1024px\" \/><figcaption class=\"wp-element-caption\">Les \u00e9tudiants du BTS CRSA de Melun au travail.<\/figcaption><\/figure>\n<\/div>\n\n\n<p>Ci dessous, le site internet pour <strong>l&rsquo;inscription visiteur<\/strong> des Olympiades Fanuc (accessible \u00e0 tous). Nous y allons le jeudi 3 avril.<\/p>\n\n\n\n<p>Site : <a href=\"https:\/\/olympiades-fanuc.com\/inscriptions-visiteurs\/\">https:\/\/olympiades-fanuc.com\/inscriptions-visiteurs\/<\/a><\/p>\n\n\n\n<figure class=\"wp-block-embed aligncenter is-type-wp-embed is-provider-les-olympiades-fanuc wp-block-embed-les-olympiades-fanuc\"><div class=\"wp-block-embed__wrapper\">\n<blockquote class=\"wp-embedded-content\" data-secret=\"4ypAzJzF0u\"><a href=\"https:\/\/olympiades-fanuc.com\/inscriptions-visiteurs\/\">Inscriptions visiteurs<\/a><\/blockquote><iframe loading=\"lazy\" class=\"wp-embedded-content\" sandbox=\"allow-scripts\" security=\"restricted\" style=\"position: absolute; visibility: hidden;\" title=\"\u00ab\u00a0Inscriptions visiteurs\u00a0\u00bb &#8212; Les Olympiades Fanuc\" src=\"https:\/\/olympiades-fanuc.com\/inscriptions-visiteurs\/embed\/#?secret=eSxJSYBiCl#?secret=4ypAzJzF0u\" data-secret=\"4ypAzJzF0u\" width=\"600\" height=\"338\" frameborder=\"0\" marginwidth=\"0\" marginheight=\"0\" scrolling=\"no\"><\/iframe>\n<\/div><\/figure>\n\n\n\n<p>M. LEMOINE<\/p>\n\n\n\n<p><\/p>\n","protected":false},"excerpt":{"rendered":"<p>Les \u00e9tudiants de BTS CRSA 2 de L\u00e9onard de Vinci de Melun et leur professeurs M. Jimenez et M. Fouill\u00e9 ont r\u00e9ussi pour la 9\u00e8me fois \u00e0 se qualifier pour la finale de cette comp\u00e9tition exigeante. Avant l\u2019\u00e9preuve, une formation compl\u00e9mentaire s\u2019est d\u00e9roul\u00e9e le 14 janvier 2025 au sein de l\u2019entreprise Fanuc, situ\u00e9e \u00e0 Lisses [&hellip;]<\/p>\n","protected":false},"author":4,"featured_media":3834,"comment_status":"closed","ping_status":"closed","sticky":false,"template":"","format":"standard","meta":{"footnotes":""},"categories":[4,32],"tags":[],"class_list":{"0":"post-3833","1":"post","2":"type-post","3":"status-publish","4":"format-standard","5":"has-post-thumbnail","7":"category-actus","8":"category-crsa","9":"czr-hentry"},"_links":{"self":[{"href":"https:\/\/www.vinci-melun.org\/index.php\/wp-json\/wp\/v2\/posts\/3833","targetHints":{"allow":["GET"]}}],"collection":[{"href":"https:\/\/www.vinci-melun.org\/index.php\/wp-json\/wp\/v2\/posts"}],"about":[{"href":"https:\/\/www.vinci-melun.org\/index.php\/wp-json\/wp\/v2\/types\/post"}],"author":[{"embeddable":true,"href":"https:\/\/www.vinci-melun.org\/index.php\/wp-json\/wp\/v2\/users\/4"}],"replies":[{"embeddable":true,"href":"https:\/\/www.vinci-melun.org\/index.php\/wp-json\/wp\/v2\/comments?post=3833"}],"version-history":[{"count":3,"href":"https:\/\/www.vinci-melun.org\/index.php\/wp-json\/wp\/v2\/posts\/3833\/revisions"}],"predecessor-version":[{"id":3841,"href":"https:\/\/www.vinci-melun.org\/index.php\/wp-json\/wp\/v2\/posts\/3833\/revisions\/3841"}],"wp:featuredmedia":[{"embeddable":true,"href":"https:\/\/www.vinci-melun.org\/index.php\/wp-json\/wp\/v2\/media\/3834"}],"wp:attachment":[{"href":"https:\/\/www.vinci-melun.org\/index.php\/wp-json\/wp\/v2\/media?parent=3833"}],"wp:term":[{"taxonomy":"category","embeddable":true,"href":"https:\/\/www.vinci-melun.org\/index.php\/wp-json\/wp\/v2\/categories?post=3833"},{"taxonomy":"post_tag","embeddable":true,"href":"https:\/\/www.vinci-melun.org\/index.php\/wp-json\/wp\/v2\/tags?post=3833"}],"curies":[{"name":"wp","href":"https:\/\/api.w.org\/{rel}","templated":true}]}}