{"id":2315,"date":"2022-05-31T10:27:14","date_gmt":"2022-05-31T08:27:14","guid":{"rendered":"https:\/\/www.vinci-melun.org\/?p=2315"},"modified":"2023-01-11T11:15:46","modified_gmt":"2023-01-11T10:15:46","slug":"double-victoire-au-concours-alteregoratio","status":"publish","type":"post","link":"https:\/\/www.vinci-melun.org\/index.php\/double-victoire-au-concours-alteregoratio\/","title":{"rendered":"Double victoire au concours #AlterEgoRatio !"},"content":{"rendered":"\n<p><strong>Les classes de&nbsp; 1melec3 et de 1AGORA3 remportent respectivement les 1\u00e8re et 2\u00e8me places de la cat\u00e9gorie \u00ab\u00a0Halte aux discris!\u00a0\u00bb du concours<\/strong>&nbsp; \u00ab&nbsp;<a href=\"https:\/\/www.alteregoratio.org\/\" target=\"_blank\" rel=\"noreferrer noopener\">#AlterEgoRatio<\/a>&nbsp;\u00bb : \u00ab\u00a0<strong>Concours \u00e9ducatif \u00e0 destination de tous les lyc\u00e9es d\u2019\u00cele-de-France afin de susciter la r\u00e9flexion des \u00e9l\u00e8ves sur les valeurs r\u00e9publicaines et d\u00e9mocratiques.&nbsp;<\/strong><em>Ce dispositif est propos\u00e9 par la F\u00e9d\u00e9ration de Paris de la Ligue de l\u2019enseignement avec le soutien de la R\u00e9gion Ile-de-France\u00a0\u00bb<\/em>.<\/p>\n\n\n\n<p>Des mois de travail sans rel\u00eache r\u00e9compens\u00e9s ! En effet, inscrits dans un projet p\u00e9dagogique tout au long de l&rsquo;ann\u00e9e scolaire 2021-2022, les \u00e9l\u00e8ves des deux classes sont \u00e0 l&rsquo;initiative de la vid\u00e9o gagnante et du jeu de soci\u00e9t\u00e9 propos\u00e9s.<\/p>\n\n\n\n<ul class=\"wp-block-list\"><li><strong>Les 1Melec3<\/strong>&nbsp;ont ainsi pu : choisir l\u2019instru, \u00e9crire les paroles avec l&rsquo;aide d&rsquo;un intervenant ext\u00e9rieur Lord Mike Jam, enregistrer leur son \u00e0 la MJC Le Chaudron au M\u00e9e sur Seine et, pour finir, r\u00e9aliser&nbsp; la jaquette du CD&nbsp;et&nbsp;le clip disponible ic :&nbsp;<a href=\"https:\/\/ent.iledefrance.fr\/zimbra\/%E2%80%8Bhttps:\/\/youtu.be\/QLmOKl_wqpk\" target=\"_blank\" rel=\"noreferrer noopener\">https:\/\/youtu.be\/QLmOKl_wqpk<\/a><\/li><\/ul>\n\n\n\n<ul class=\"wp-block-list\"><li><strong>Les 1AGORA3<\/strong>&nbsp;ont choisi de cr\u00e9er un jeu de soci\u00e9t\u00e9 enti\u00e8rement con\u00e7u au lyc\u00e9e par les \u00e9l\u00e8ves : ils ont invent\u00e9 un plateau, les r\u00e8gles du jeu, les cartes jeu avec leurs questions-r\u00e9ponses et leurs sources, la mascotte, le contenant, les pions.&nbsp;<\/li><\/ul>\n\n\n\n<p><strong>Le proviseur, M. Fraioli, a f\u00e9licit\u00e9 et r\u00e9compens\u00e9 individuellement chaque participant au cours de la c\u00e9r\u00e9monie de remise des prix du 30 mai.<\/strong><\/p>\n\n\n\n<p><br>\u200b<br>N\u2019h\u00e9sitez pas \u00e0 leur en parler, les f\u00e9liciter et \u00e0 leur montrer votre soutient.<\/p>\n\n\n\n<figure class=\"wp-block-gallery has-nested-images columns-default is-cropped wp-block-gallery-1 is-layout-flex wp-block-gallery-is-layout-flex\">\n<figure class=\"wp-block-image size-large is-style-default\"><img loading=\"lazy\" decoding=\"async\" width=\"669\" height=\"1024\" data-id=\"2325\" src=\"https:\/\/www.vinci-melun.org\/wp-content\/uploads\/M.-Fraioli-669x1024.jpg\" alt=\"\" class=\"wp-image-2325\" srcset=\"https:\/\/www.vinci-melun.org\/wp-content\/uploads\/M.-Fraioli-669x1024.jpg 669w, https:\/\/www.vinci-melun.org\/wp-content\/uploads\/M.-Fraioli-196x300.jpg 196w, https:\/\/www.vinci-melun.org\/wp-content\/uploads\/M.-Fraioli-570x872.jpg 570w, https:\/\/www.vinci-melun.org\/wp-content\/uploads\/M.-Fraioli.jpg 728w\" sizes=\"auto, (max-width: 669px) 100vw, 669px\" \/><figcaption>M. Fraioli f\u00e9licite les deux classes<\/figcaption><\/figure>\n\n\n\n<figure class=\"wp-block-image size-large\"><img loading=\"lazy\" decoding=\"async\" width=\"1182\" height=\"792\" data-id=\"2329\" src=\"https:\/\/www.vinci-melun.org\/wp-content\/uploads\/Ceremonie-de-remise-2-2.jpeg\" alt=\"\" class=\"wp-image-2329\" srcset=\"https:\/\/www.vinci-melun.org\/wp-content\/uploads\/Ceremonie-de-remise-2-2.jpeg 1182w, https:\/\/www.vinci-melun.org\/wp-content\/uploads\/Ceremonie-de-remise-2-2-300x201.jpeg 300w, https:\/\/www.vinci-melun.org\/wp-content\/uploads\/Ceremonie-de-remise-2-2-1024x686.jpeg 1024w, https:\/\/www.vinci-melun.org\/wp-content\/uploads\/Ceremonie-de-remise-2-2-768x515.jpeg 768w, https:\/\/www.vinci-melun.org\/wp-content\/uploads\/Ceremonie-de-remise-2-2-570x382.jpeg 570w\" sizes=\"auto, (max-width: 1182px) 100vw, 1182px\" \/><\/figure>\n<\/figure>\n\n\n\n<figure class=\"wp-block-gallery has-nested-images columns-default is-cropped wp-block-gallery-2 is-layout-flex wp-block-gallery-is-layout-flex\">\n<figure class=\"wp-block-image size-large\"><img loading=\"lazy\" decoding=\"async\" width=\"1024\" height=\"524\" data-id=\"2328\" src=\"https:\/\/www.vinci-melun.org\/wp-content\/uploads\/Ceremonie-de-remise-4-2-1024x524.jpeg\" alt=\"\" class=\"wp-image-2328\" srcset=\"https:\/\/www.vinci-melun.org\/wp-content\/uploads\/Ceremonie-de-remise-4-2-1024x524.jpeg 1024w, https:\/\/www.vinci-melun.org\/wp-content\/uploads\/Ceremonie-de-remise-4-2-300x154.jpeg 300w, https:\/\/www.vinci-melun.org\/wp-content\/uploads\/Ceremonie-de-remise-4-2-768x393.jpeg 768w, https:\/\/www.vinci-melun.org\/wp-content\/uploads\/Ceremonie-de-remise-4-2-570x292.jpeg 570w, https:\/\/www.vinci-melun.org\/wp-content\/uploads\/Ceremonie-de-remise-4-2.jpeg 1520w\" sizes=\"auto, (max-width: 1024px) 100vw, 1024px\" \/><figcaption>Mmes Azema et Sturm orchestrent la c\u00e9r\u00e9monie avec M. Fall<\/figcaption><\/figure>\n<\/figure>\n\n\n\n<figure class=\"wp-block-gallery has-nested-images columns-default is-cropped wp-block-gallery-3 is-layout-flex wp-block-gallery-is-layout-flex\">\n<figure class=\"wp-block-image size-large\"><img loading=\"lazy\" decoding=\"async\" width=\"1228\" height=\"1042\" data-id=\"2322\" src=\"https:\/\/www.vinci-melun.org\/wp-content\/uploads\/Ceremonie-de-remise-1-1.jpeg\" alt=\"\" class=\"wp-image-2322\" srcset=\"https:\/\/www.vinci-melun.org\/wp-content\/uploads\/Ceremonie-de-remise-1-1.jpeg 1228w, https:\/\/www.vinci-melun.org\/wp-content\/uploads\/Ceremonie-de-remise-1-1-300x255.jpeg 300w, https:\/\/www.vinci-melun.org\/wp-content\/uploads\/Ceremonie-de-remise-1-1-1024x869.jpeg 1024w, https:\/\/www.vinci-melun.org\/wp-content\/uploads\/Ceremonie-de-remise-1-1-768x652.jpeg 768w, https:\/\/www.vinci-melun.org\/wp-content\/uploads\/Ceremonie-de-remise-1-1-570x484.jpeg 570w\" sizes=\"auto, (max-width: 1228px) 100vw, 1228px\" \/><figcaption>Manass\u00e9, Lenny et Ange pr\u00e9sentent leur projet laur\u00e9at aux 1AGORA 3<\/figcaption><\/figure>\n<\/figure>\n\n\n\n<figure class=\"wp-block-gallery has-nested-images columns-default is-cropped wp-block-gallery-4 is-layout-flex wp-block-gallery-is-layout-flex\">\n<figure class=\"wp-block-image size-large\"><img loading=\"lazy\" decoding=\"async\" width=\"1024\" height=\"768\" data-id=\"2330\" src=\"https:\/\/www.vinci-melun.org\/wp-content\/uploads\/Ceremonie-de-remise-7-1-1024x768.jpeg\" alt=\"\" class=\"wp-image-2330\" srcset=\"https:\/\/www.vinci-melun.org\/wp-content\/uploads\/Ceremonie-de-remise-7-1-1024x768.jpeg 1024w, https:\/\/www.vinci-melun.org\/wp-content\/uploads\/Ceremonie-de-remise-7-1-300x225.jpeg 300w, https:\/\/www.vinci-melun.org\/wp-content\/uploads\/Ceremonie-de-remise-7-1-768x576.jpeg 768w, https:\/\/www.vinci-melun.org\/wp-content\/uploads\/Ceremonie-de-remise-7-1-1536x1152.jpeg 1536w, https:\/\/www.vinci-melun.org\/wp-content\/uploads\/Ceremonie-de-remise-7-1-570x428.jpeg 570w, https:\/\/www.vinci-melun.org\/wp-content\/uploads\/Ceremonie-de-remise-7-1.jpeg 1600w\" sizes=\"auto, (max-width: 1024px) 100vw, 1024px\" \/><\/figure>\n\n\n\n<figure class=\"wp-block-image size-large\"><img loading=\"lazy\" decoding=\"async\" width=\"657\" height=\"461\" data-id=\"2333\" src=\"https:\/\/www.vinci-melun.org\/wp-content\/uploads\/Sans-titre.png\" alt=\"\" class=\"wp-image-2333\" srcset=\"https:\/\/www.vinci-melun.org\/wp-content\/uploads\/Sans-titre.png 657w, https:\/\/www.vinci-melun.org\/wp-content\/uploads\/Sans-titre-300x211.png 300w, https:\/\/www.vinci-melun.org\/wp-content\/uploads\/Sans-titre-570x400.png 570w\" sizes=\"auto, (max-width: 657px) 100vw, 657px\" \/><\/figure>\n<figcaption class=\"blocks-gallery-caption\">Les dipl\u00f4mes remis<\/figcaption><\/figure>\n\n\n\n<figure class=\"wp-block-gallery has-nested-images columns-default is-cropped wp-block-gallery-5 is-layout-flex wp-block-gallery-is-layout-flex\">\n<figure class=\"wp-block-image size-large\"><img loading=\"lazy\" decoding=\"async\" width=\"767\" height=\"832\" data-id=\"2334\" src=\"https:\/\/www.vinci-melun.org\/wp-content\/uploads\/Ceremonie-de-remise-3-3.jpeg\" alt=\"\" class=\"wp-image-2334\" srcset=\"https:\/\/www.vinci-melun.org\/wp-content\/uploads\/Ceremonie-de-remise-3-3.jpeg 767w, https:\/\/www.vinci-melun.org\/wp-content\/uploads\/Ceremonie-de-remise-3-3-277x300.jpeg 277w, https:\/\/www.vinci-melun.org\/wp-content\/uploads\/Ceremonie-de-remise-3-3-570x618.jpeg 570w\" sizes=\"auto, (max-width: 767px) 100vw, 767px\" \/><figcaption>M. Fraioli r\u00e9compense chaque \u00e9l\u00e8ve<\/figcaption><\/figure>\n<\/figure>\n\n\n\n<figure class=\"wp-block-gallery has-nested-images columns-default is-cropped wp-block-gallery-6 is-layout-flex wp-block-gallery-is-layout-flex\">\n<figure class=\"wp-block-image size-large\"><img loading=\"lazy\" decoding=\"async\" width=\"1024\" height=\"768\" data-id=\"2337\" src=\"https:\/\/www.vinci-melun.org\/wp-content\/uploads\/Ceremonie-de-remise-5-1024x768.jpeg\" alt=\"\" class=\"wp-image-2337\" srcset=\"https:\/\/www.vinci-melun.org\/wp-content\/uploads\/Ceremonie-de-remise-5-1024x768.jpeg 1024w, https:\/\/www.vinci-melun.org\/wp-content\/uploads\/Ceremonie-de-remise-5-300x225.jpeg 300w, https:\/\/www.vinci-melun.org\/wp-content\/uploads\/Ceremonie-de-remise-5-768x576.jpeg 768w, https:\/\/www.vinci-melun.org\/wp-content\/uploads\/Ceremonie-de-remise-5-1536x1152.jpeg 1536w, https:\/\/www.vinci-melun.org\/wp-content\/uploads\/Ceremonie-de-remise-5-570x428.jpeg 570w, https:\/\/www.vinci-melun.org\/wp-content\/uploads\/Ceremonie-de-remise-5.jpeg 2048w\" sizes=\"auto, (max-width: 1024px) 100vw, 1024px\" \/><\/figure>\n\n\n\n<figure class=\"wp-block-image size-large\"><img loading=\"lazy\" decoding=\"async\" width=\"1024\" height=\"769\" data-id=\"2336\" src=\"https:\/\/www.vinci-melun.org\/wp-content\/uploads\/Ceremonie-de-remise-8-1024x769.jpeg\" alt=\"\" class=\"wp-image-2336\" srcset=\"https:\/\/www.vinci-melun.org\/wp-content\/uploads\/Ceremonie-de-remise-8-1024x769.jpeg 1024w, https:\/\/www.vinci-melun.org\/wp-content\/uploads\/Ceremonie-de-remise-8-300x225.jpeg 300w, https:\/\/www.vinci-melun.org\/wp-content\/uploads\/Ceremonie-de-remise-8-768x577.jpeg 768w, https:\/\/www.vinci-melun.org\/wp-content\/uploads\/Ceremonie-de-remise-8-1536x1154.jpeg 1536w, https:\/\/www.vinci-melun.org\/wp-content\/uploads\/Ceremonie-de-remise-8-570x428.jpeg 570w, https:\/\/www.vinci-melun.org\/wp-content\/uploads\/Ceremonie-de-remise-8.jpeg 2048w\" sizes=\"auto, (max-width: 1024px) 100vw, 1024px\" \/><\/figure>\n<figcaption class=\"blocks-gallery-caption\">Apr\u00e8s toutes ces \u00e9motions, place au repas partag\u00e9 dans la bonne humeur !<\/figcaption><\/figure>\n\n\n\n<figure class=\"wp-block-gallery has-nested-images columns-default is-cropped wp-block-gallery-7 is-layout-flex wp-block-gallery-is-layout-flex\">\n<figure class=\"wp-block-image size-large\"><img loading=\"lazy\" decoding=\"async\" width=\"768\" height=\"1024\" data-id=\"2340\" src=\"https:\/\/www.vinci-melun.org\/wp-content\/uploads\/WhatsApp-Image-2022-05-30-at-16.44.14-768x1024.jpeg\" alt=\"\" class=\"wp-image-2340\" srcset=\"https:\/\/www.vinci-melun.org\/wp-content\/uploads\/WhatsApp-Image-2022-05-30-at-16.44.14-768x1024.jpeg 768w, https:\/\/www.vinci-melun.org\/wp-content\/uploads\/WhatsApp-Image-2022-05-30-at-16.44.14-225x300.jpeg 225w, https:\/\/www.vinci-melun.org\/wp-content\/uploads\/WhatsApp-Image-2022-05-30-at-16.44.14-1152x1536.jpeg 1152w, https:\/\/www.vinci-melun.org\/wp-content\/uploads\/WhatsApp-Image-2022-05-30-at-16.44.14-570x760.jpeg 570w, https:\/\/www.vinci-melun.org\/wp-content\/uploads\/WhatsApp-Image-2022-05-30-at-16.44.14.jpeg 1200w\" sizes=\"auto, (max-width: 768px) 100vw, 768px\" \/><\/figure>\n\n\n\n<figure class=\"wp-block-image size-large\"><img loading=\"lazy\" decoding=\"async\" width=\"1536\" height=\"2048\" data-id=\"2338\" src=\"https:\/\/www.vinci-melun.org\/wp-content\/uploads\/Ceremonie-de-remise-6-1.jpeg\" alt=\"\" class=\"wp-image-2338\" srcset=\"https:\/\/www.vinci-melun.org\/wp-content\/uploads\/Ceremonie-de-remise-6-1.jpeg 1536w, https:\/\/www.vinci-melun.org\/wp-content\/uploads\/Ceremonie-de-remise-6-1-225x300.jpeg 225w, https:\/\/www.vinci-melun.org\/wp-content\/uploads\/Ceremonie-de-remise-6-1-768x1024.jpeg 768w, https:\/\/www.vinci-melun.org\/wp-content\/uploads\/Ceremonie-de-remise-6-1-1152x1536.jpeg 1152w, https:\/\/www.vinci-melun.org\/wp-content\/uploads\/Ceremonie-de-remise-6-1-570x760.jpeg 570w\" sizes=\"auto, (max-width: 1536px) 100vw, 1536px\" \/><\/figure>\n<\/figure>\n\n\n\n<p><\/p>\n","protected":false},"excerpt":{"rendered":"<p>Les classes de&nbsp; 1melec3 et de 1AGORA3 remportent respectivement les 1\u00e8re et 2\u00e8me places de la cat\u00e9gorie \u00ab\u00a0Halte aux discris!\u00a0\u00bb du concours&nbsp; \u00ab&nbsp;#AlterEgoRatio&nbsp;\u00bb : \u00ab\u00a0Concours \u00e9ducatif \u00e0 destination de tous les lyc\u00e9es d\u2019\u00cele-de-France afin de susciter la r\u00e9flexion des \u00e9l\u00e8ves sur les valeurs r\u00e9publicaines et d\u00e9mocratiques.&nbsp;Ce dispositif est propos\u00e9 par la F\u00e9d\u00e9ration de Paris de [&hellip;]<\/p>\n","protected":false},"author":1,"featured_media":2343,"comment_status":"closed","ping_status":"open","sticky":false,"template":"","format":"standard","meta":{"footnotes":""},"categories":[18,16,15],"tags":[],"class_list":{"0":"post-2315","1":"post","2":"type-post","3":"status-publish","4":"format-standard","5":"has-post-thumbnail","7":"category-actus-archives","8":"category-arts-appliques","9":"category-cdi","10":"czr-hentry"},"_links":{"self":[{"href":"https:\/\/www.vinci-melun.org\/index.php\/wp-json\/wp\/v2\/posts\/2315","targetHints":{"allow":["GET"]}}],"collection":[{"href":"https:\/\/www.vinci-melun.org\/index.php\/wp-json\/wp\/v2\/posts"}],"about":[{"href":"https:\/\/www.vinci-melun.org\/index.php\/wp-json\/wp\/v2\/types\/post"}],"author":[{"embeddable":true,"href":"https:\/\/www.vinci-melun.org\/index.php\/wp-json\/wp\/v2\/users\/1"}],"replies":[{"embeddable":true,"href":"https:\/\/www.vinci-melun.org\/index.php\/wp-json\/wp\/v2\/comments?post=2315"}],"version-history":[{"count":1,"href":"https:\/\/www.vinci-melun.org\/index.php\/wp-json\/wp\/v2\/posts\/2315\/revisions"}],"predecessor-version":[{"id":2341,"href":"https:\/\/www.vinci-melun.org\/index.php\/wp-json\/wp\/v2\/posts\/2315\/revisions\/2341"}],"wp:featuredmedia":[{"embeddable":true,"href":"https:\/\/www.vinci-melun.org\/index.php\/wp-json\/wp\/v2\/media\/2343"}],"wp:attachment":[{"href":"https:\/\/www.vinci-melun.org\/index.php\/wp-json\/wp\/v2\/media?parent=2315"}],"wp:term":[{"taxonomy":"category","embeddable":true,"href":"https:\/\/www.vinci-melun.org\/index.php\/wp-json\/wp\/v2\/categories?post=2315"},{"taxonomy":"post_tag","embeddable":true,"href":"https:\/\/www.vinci-melun.org\/index.php\/wp-json\/wp\/v2\/tags?post=2315"}],"curies":[{"name":"wp","href":"https:\/\/api.w.org\/{rel}","templated":true}]}}