{"id":2115,"date":"2022-04-04T13:34:11","date_gmt":"2022-04-04T11:34:11","guid":{"rendered":"https:\/\/www.vinci-melun.org\/?p=2115"},"modified":"2023-01-11T11:13:22","modified_gmt":"2023-01-11T10:13:22","slug":"mini-augustine-ou-la-collaboration-des-bts-cpi-avec-des-collegiens","status":"publish","type":"post","link":"https:\/\/www.vinci-melun.org\/index.php\/mini-augustine-ou-la-collaboration-des-bts-cpi-avec-des-collegiens\/","title":{"rendered":"Mini-Augustine ou la collaboration des BTS CPI avec des coll\u00e9giens"},"content":{"rendered":"\n<p><strong>Dans le cadre du parcours \u00ab&nbsp;Avenir&nbsp;\u00bb, des \u00e9l\u00e8ves&nbsp;des coll\u00e8ges Pierre BROSSOLETTE, les CAPUCINS et Elsa TRIOLET se sont port\u00e9s volontaires pour participer au projet AUGUSTINE.<\/strong><\/p>\n\n\n\n<p>Ce v\u00e9hicule con\u00e7u par les <strong>\u00e9tudiants de BTS CPI <\/strong>et fabriqu\u00e9 au lyc\u00e9e participe \u00e0 un challenge sur l\u2019\u00e9co mobilit\u00e9&nbsp;: <strong>Le SHELL ECO MARATHON.<\/strong><\/p>\n\n\n\n<p>Le but de cet \u00e9v\u00e8nement est de confronter des v\u00e9hicules \u00e9coresponsables, qui consomment le moins d\u2019\u00e9nergie en parcourant le plus grand nombre de kilom\u00e8tres. Le bolide qui participe \u00e0 cette course s\u2019appelle <strong>AUGUSTINE<\/strong>.<\/p>\n\n\n\n<p>Les coll\u00e9giens vont mettre \u00e0 profit leurs id\u00e9es et leurs comp\u00e9tences scientifiques pour r\u00e9aliser une mini AUGUSTINE qu\u2019ils piloteront et personnaliseront. Ils participeront ensuite \u00e0 une comp\u00e9tition inter-coll\u00e8ges.<\/p>\n\n\n\n<p>Merci \u00e0 M. ARBELLOT, M. JULES, M. POYAC, professeurs du lyc\u00e9e L\u00e9onard de Vinci pour leurs actions, \u00e0 M. MARRO pour l\u2019organisation et \u00e0 M. FRAIOLI pour le pilotage de l\u2019action.<\/p>\n\n\n\n<p>Merci \u00e9galement \u00e0 M. SERIEYS (professeur de technologie au coll\u00e8ge Pierre BROSSOLETTE), M. MAS (AED au coll\u00e8ge Pierre BROSSOLETTE) et M. OUHASSOU (professeur de technologie au coll\u00e8ge Pierre BROSSOLETTE) pour leurs \u00e9changes enrichissants.<\/p>\n\n\n\n<p><\/p>\n\n\n\n<p class=\"has-text-align-center\">&nbsp;Photos avec le coll\u00e8ge <strong>Pierre BROSSOLETTE<\/strong>&nbsp;:<\/p>\n\n\n\n<figure class=\"wp-block-gallery has-nested-images columns-4 is-cropped wp-block-gallery-1 is-layout-flex wp-block-gallery-is-layout-flex\">\n<figure class=\"wp-block-image size-large\"><img loading=\"lazy\" decoding=\"async\" width=\"640\" height=\"480\" data-id=\"2135\" src=\"https:\/\/www.vinci-melun.org\/wp-content\/uploads\/1-1.jpg\" alt=\"\" class=\"wp-image-2135\" srcset=\"https:\/\/www.vinci-melun.org\/wp-content\/uploads\/1-1.jpg 640w, https:\/\/www.vinci-melun.org\/wp-content\/uploads\/1-1-300x225.jpg 300w, https:\/\/www.vinci-melun.org\/wp-content\/uploads\/1-1-570x428.jpg 570w\" sizes=\"auto, (max-width: 640px) 100vw, 640px\" \/><\/figure>\n\n\n\n<figure class=\"wp-block-image size-large\"><img loading=\"lazy\" decoding=\"async\" width=\"768\" height=\"1024\" data-id=\"2136\" src=\"https:\/\/www.vinci-melun.org\/wp-content\/uploads\/2-1.jpg\" alt=\"\" class=\"wp-image-2136\" srcset=\"https:\/\/www.vinci-melun.org\/wp-content\/uploads\/2-1.jpg 768w, https:\/\/www.vinci-melun.org\/wp-content\/uploads\/2-1-225x300.jpg 225w, https:\/\/www.vinci-melun.org\/wp-content\/uploads\/2-1-570x760.jpg 570w\" sizes=\"auto, (max-width: 768px) 100vw, 768px\" \/><\/figure>\n\n\n\n<figure class=\"wp-block-image size-large\"><img loading=\"lazy\" decoding=\"async\" width=\"768\" height=\"1024\" data-id=\"2137\" src=\"https:\/\/www.vinci-melun.org\/wp-content\/uploads\/3-1.jpg\" alt=\"\" class=\"wp-image-2137\" srcset=\"https:\/\/www.vinci-melun.org\/wp-content\/uploads\/3-1.jpg 768w, https:\/\/www.vinci-melun.org\/wp-content\/uploads\/3-1-225x300.jpg 225w, https:\/\/www.vinci-melun.org\/wp-content\/uploads\/3-1-570x760.jpg 570w\" sizes=\"auto, (max-width: 768px) 100vw, 768px\" \/><\/figure>\n\n\n\n<figure class=\"wp-block-image size-large\"><img loading=\"lazy\" decoding=\"async\" width=\"600\" height=\"800\" data-id=\"2138\" src=\"https:\/\/www.vinci-melun.org\/wp-content\/uploads\/4-1.jpg\" alt=\"\" class=\"wp-image-2138\" srcset=\"https:\/\/www.vinci-melun.org\/wp-content\/uploads\/4-1.jpg 600w, https:\/\/www.vinci-melun.org\/wp-content\/uploads\/4-1-225x300.jpg 225w, https:\/\/www.vinci-melun.org\/wp-content\/uploads\/4-1-570x760.jpg 570w\" sizes=\"auto, (max-width: 600px) 100vw, 600px\" \/><\/figure>\n<figcaption class=\"blocks-gallery-caption\">Photos avec le coll\u00e8ge <strong>Pierre BROSSOLETTE<\/strong>&nbsp;<\/figcaption><\/figure>\n\n\n\n<p class=\"has-text-align-center\"><\/p>\n\n\n\n<figure class=\"wp-block-gallery has-nested-images columns-4 is-cropped wp-block-gallery-2 is-layout-flex wp-block-gallery-is-layout-flex\">\n<figure class=\"wp-block-image size-large\"><img loading=\"lazy\" decoding=\"async\" width=\"1024\" height=\"768\" data-id=\"2131\" src=\"https:\/\/www.vinci-melun.org\/wp-content\/uploads\/1-bis-1024x768.jpg\" alt=\"\" class=\"wp-image-2131\" srcset=\"https:\/\/www.vinci-melun.org\/wp-content\/uploads\/1-bis-1024x768.jpg 1024w, https:\/\/www.vinci-melun.org\/wp-content\/uploads\/1-bis-300x225.jpg 300w, https:\/\/www.vinci-melun.org\/wp-content\/uploads\/1-bis-768x576.jpg 768w, https:\/\/www.vinci-melun.org\/wp-content\/uploads\/1-bis-570x428.jpg 570w, https:\/\/www.vinci-melun.org\/wp-content\/uploads\/1-bis.jpg 1308w\" sizes=\"auto, (max-width: 1024px) 100vw, 1024px\" \/><\/figure>\n\n\n\n<figure class=\"wp-block-image size-large\"><img loading=\"lazy\" decoding=\"async\" width=\"1024\" height=\"768\" data-id=\"2133\" src=\"https:\/\/www.vinci-melun.org\/wp-content\/uploads\/2-bis-1024x768.jpg\" alt=\"\" class=\"wp-image-2133\" srcset=\"https:\/\/www.vinci-melun.org\/wp-content\/uploads\/2-bis-1024x768.jpg 1024w, https:\/\/www.vinci-melun.org\/wp-content\/uploads\/2-bis-300x225.jpg 300w, https:\/\/www.vinci-melun.org\/wp-content\/uploads\/2-bis-768x576.jpg 768w, https:\/\/www.vinci-melun.org\/wp-content\/uploads\/2-bis-570x428.jpg 570w, https:\/\/www.vinci-melun.org\/wp-content\/uploads\/2-bis.jpg 1304w\" sizes=\"auto, (max-width: 1024px) 100vw, 1024px\" \/><\/figure>\n\n\n\n<figure class=\"wp-block-image size-large\"><img loading=\"lazy\" decoding=\"async\" width=\"1024\" height=\"768\" data-id=\"2132\" src=\"https:\/\/www.vinci-melun.org\/wp-content\/uploads\/3-bis-1024x768.jpg\" alt=\"\" class=\"wp-image-2132\" srcset=\"https:\/\/www.vinci-melun.org\/wp-content\/uploads\/3-bis-1024x768.jpg 1024w, https:\/\/www.vinci-melun.org\/wp-content\/uploads\/3-bis-300x225.jpg 300w, https:\/\/www.vinci-melun.org\/wp-content\/uploads\/3-bis-768x576.jpg 768w, https:\/\/www.vinci-melun.org\/wp-content\/uploads\/3-bis-570x428.jpg 570w, https:\/\/www.vinci-melun.org\/wp-content\/uploads\/3-bis.jpg 1265w\" sizes=\"auto, (max-width: 1024px) 100vw, 1024px\" \/><\/figure>\n\n\n\n<figure class=\"wp-block-image size-large\"><img loading=\"lazy\" decoding=\"async\" width=\"1024\" height=\"768\" data-id=\"2134\" src=\"https:\/\/www.vinci-melun.org\/wp-content\/uploads\/4-bis-1024x768.jpg\" alt=\"\" class=\"wp-image-2134\" srcset=\"https:\/\/www.vinci-melun.org\/wp-content\/uploads\/4-bis-1024x768.jpg 1024w, https:\/\/www.vinci-melun.org\/wp-content\/uploads\/4-bis-300x225.jpg 300w, https:\/\/www.vinci-melun.org\/wp-content\/uploads\/4-bis-768x576.jpg 768w, https:\/\/www.vinci-melun.org\/wp-content\/uploads\/4-bis-570x428.jpg 570w, https:\/\/www.vinci-melun.org\/wp-content\/uploads\/4-bis.jpg 1261w\" sizes=\"auto, (max-width: 1024px) 100vw, 1024px\" \/><\/figure>\n<figcaption class=\"blocks-gallery-caption\">Photos du coll\u00e8ge <strong>Les Capucins<\/strong><\/figcaption><\/figure>\n\n\n\n<p class=\"has-text-align-center\">Lien vers l\u2019article du site du coll\u00e8ge <strong>Pierre brossolette<\/strong> :<\/p>\n\n\n\n<p><a href=\"https:\/\/pierre-brossolette-melun.fr\/category\/parcours-avenir\/\">https:\/\/pierre-brossolette-melun.fr\/category\/parcours-avenir\/<\/a><\/p>\n","protected":false},"excerpt":{"rendered":"<p>Dans le cadre du parcours \u00ab&nbsp;Avenir&nbsp;\u00bb, des \u00e9l\u00e8ves&nbsp;des coll\u00e8ges Pierre BROSSOLETTE, les CAPUCINS et Elsa TRIOLET se sont port\u00e9s volontaires pour participer au projet AUGUSTINE. Ce v\u00e9hicule con\u00e7u par les \u00e9tudiants de BTS CPI et fabriqu\u00e9 au lyc\u00e9e participe \u00e0 un challenge sur l\u2019\u00e9co mobilit\u00e9&nbsp;: Le SHELL ECO MARATHON. Le but de cet \u00e9v\u00e8nement est [&hellip;]<\/p>\n","protected":false},"author":1,"featured_media":2141,"comment_status":"closed","ping_status":"open","sticky":false,"template":"","format":"standard","meta":{"footnotes":""},"categories":[18,37],"tags":[],"class_list":{"0":"post-2115","1":"post","2":"type-post","3":"status-publish","4":"format-standard","5":"has-post-thumbnail","7":"category-actus-archives","8":"category-cpi","9":"czr-hentry"},"_links":{"self":[{"href":"https:\/\/www.vinci-melun.org\/index.php\/wp-json\/wp\/v2\/posts\/2115","targetHints":{"allow":["GET"]}}],"collection":[{"href":"https:\/\/www.vinci-melun.org\/index.php\/wp-json\/wp\/v2\/posts"}],"about":[{"href":"https:\/\/www.vinci-melun.org\/index.php\/wp-json\/wp\/v2\/types\/post"}],"author":[{"embeddable":true,"href":"https:\/\/www.vinci-melun.org\/index.php\/wp-json\/wp\/v2\/users\/1"}],"replies":[{"embeddable":true,"href":"https:\/\/www.vinci-melun.org\/index.php\/wp-json\/wp\/v2\/comments?post=2115"}],"version-history":[{"count":3,"href":"https:\/\/www.vinci-melun.org\/index.php\/wp-json\/wp\/v2\/posts\/2115\/revisions"}],"predecessor-version":[{"id":2142,"href":"https:\/\/www.vinci-melun.org\/index.php\/wp-json\/wp\/v2\/posts\/2115\/revisions\/2142"}],"wp:featuredmedia":[{"embeddable":true,"href":"https:\/\/www.vinci-melun.org\/index.php\/wp-json\/wp\/v2\/media\/2141"}],"wp:attachment":[{"href":"https:\/\/www.vinci-melun.org\/index.php\/wp-json\/wp\/v2\/media?parent=2115"}],"wp:term":[{"taxonomy":"category","embeddable":true,"href":"https:\/\/www.vinci-melun.org\/index.php\/wp-json\/wp\/v2\/categories?post=2115"},{"taxonomy":"post_tag","embeddable":true,"href":"https:\/\/www.vinci-melun.org\/index.php\/wp-json\/wp\/v2\/tags?post=2115"}],"curies":[{"name":"wp","href":"https:\/\/api.w.org\/{rel}","templated":true}]}}