{"id":2095,"date":"2022-03-24T17:37:40","date_gmt":"2022-03-24T16:37:40","guid":{"rendered":"https:\/\/www.vinci-melun.org\/?p=2095"},"modified":"2023-01-11T11:12:32","modified_gmt":"2023-01-11T10:12:32","slug":"en-avant-maestro","status":"publish","type":"post","link":"https:\/\/www.vinci-melun.org\/index.php\/en-avant-maestro\/","title":{"rendered":"En avant Maestro !"},"content":{"rendered":"\n<p>Le lyc\u00e9e a eu la joie d&rsquo;accueillir une nouvelle fois, <strong>le musicologue M. Dominique Hayer<\/strong>.<\/p>\n\n\n\n<p>Il a inaugur\u00e9<strong> jeudi 17 mars<\/strong>, <strong>le cycle de conf\u00e9rences sur la musique classique propos\u00e9e par la communaut\u00e9 d&rsquo;agglom\u00e9ration de Melun Val-de-Seine.<\/strong><\/p>\n\n\n\n<p class=\"has-text-align-left\">Lors de cette premi\u00e8re conf\u00e9rence, les \u00e9l\u00e8ves de 2nde3 ont pu \u00e9changer avec lui sur son parcours ou sur sa passion. <\/p>\n\n\n\n<p class=\"has-text-align-left\">Ils ont ensuite \u00e9couter divers extraits musicaux et, notamment, <a href=\"https:\/\/youtu.be\/MDDjYnfHBps\">Star wars version flash mob en Allemagne<\/a>. <\/p>\n\n\n\n<p>Lors de ces \u00e9coutes, M. Hayer a  propos\u00e9 aux \u00e9l\u00e8ves d&rsquo;associer les instruments entendus avec leur place au sein d&rsquo;un orchestre o\u00f9 le chef donne le tempo. <\/p>\n\n\n\n<p><strong>La suite lors de la deuxi\u00e8me conf\u00e9rence, jeudi 31 mars !<\/strong><\/p>\n\n\n\n<p><\/p>\n\n\n\n<figure class=\"wp-block-gallery has-nested-images columns-default is-cropped wp-block-gallery-1 is-layout-flex wp-block-gallery-is-layout-flex\">\n<figure class=\"wp-block-image size-large\"><img loading=\"lazy\" decoding=\"async\" width=\"929\" height=\"1024\" data-id=\"2097\" src=\"https:\/\/www.vinci-melun.org\/wp-content\/uploads\/IMG-2857-musicien-929x1024.jpg\" alt=\"\" class=\"wp-image-2097\" srcset=\"https:\/\/www.vinci-melun.org\/wp-content\/uploads\/IMG-2857-musicien-929x1024.jpg 929w, https:\/\/www.vinci-melun.org\/wp-content\/uploads\/IMG-2857-musicien-272x300.jpg 272w, https:\/\/www.vinci-melun.org\/wp-content\/uploads\/IMG-2857-musicien-768x847.jpg 768w, https:\/\/www.vinci-melun.org\/wp-content\/uploads\/IMG-2857-musicien-1393x1536.jpg 1393w, https:\/\/www.vinci-melun.org\/wp-content\/uploads\/IMG-2857-musicien-570x628.jpg 570w, https:\/\/www.vinci-melun.org\/wp-content\/uploads\/IMG-2857-musicien.jpg 1793w\" sizes=\"auto, (max-width: 929px) 100vw, 929px\" \/><figcaption>M. Hayer raconte l&rsquo;\u00e9volution historique de la musique<\/figcaption><\/figure>\n\n\n\n<figure class=\"wp-block-image size-large\"><img loading=\"lazy\" decoding=\"async\" width=\"1024\" height=\"768\" data-id=\"2098\" src=\"https:\/\/www.vinci-melun.org\/wp-content\/uploads\/IMG-2853-1-1024x768.jpg\" alt=\"\" class=\"wp-image-2098\" srcset=\"https:\/\/www.vinci-melun.org\/wp-content\/uploads\/IMG-2853-1-1024x768.jpg 1024w, https:\/\/www.vinci-melun.org\/wp-content\/uploads\/IMG-2853-1-300x225.jpg 300w, https:\/\/www.vinci-melun.org\/wp-content\/uploads\/IMG-2853-1-768x576.jpg 768w, https:\/\/www.vinci-melun.org\/wp-content\/uploads\/IMG-2853-1-1536x1152.jpg 1536w, https:\/\/www.vinci-melun.org\/wp-content\/uploads\/IMG-2853-1-2048x1536.jpg 2048w, https:\/\/www.vinci-melun.org\/wp-content\/uploads\/IMG-2853-1-570x428.jpg 570w\" sizes=\"auto, (max-width: 1024px) 100vw, 1024px\" \/><figcaption>Les \u00e9l\u00e8ves de 2nd3 interviewent M. Hayer<\/figcaption><\/figure>\n\n\n\n<figure class=\"wp-block-image size-large\"><img loading=\"lazy\" decoding=\"async\" width=\"229\" height=\"154\" data-id=\"2099\" src=\"https:\/\/www.vinci-melun.org\/wp-content\/uploads\/Orchestre.png\" alt=\"\" class=\"wp-image-2099\"\/><figcaption>Exemple des instruments pr\u00e9sents dans un orchestre<\/figcaption><\/figure>\n<\/figure>\n\n\n\n<p><\/p>\n\n\n\n<p><\/p>\n","protected":false},"excerpt":{"rendered":"<p>Le lyc\u00e9e a eu la joie d&rsquo;accueillir une nouvelle fois, le musicologue M. Dominique Hayer. Il a inaugur\u00e9 jeudi 17 mars, le cycle de conf\u00e9rences sur la musique classique propos\u00e9e par la communaut\u00e9 d&rsquo;agglom\u00e9ration de Melun Val-de-Seine. Lors de cette premi\u00e8re conf\u00e9rence, les \u00e9l\u00e8ves de 2nde3 ont pu \u00e9changer avec lui sur son parcours ou [&hellip;]<\/p>\n","protected":false},"author":1,"featured_media":2098,"comment_status":"closed","ping_status":"open","sticky":false,"template":"","format":"standard","meta":{"footnotes":""},"categories":[18,15],"tags":[],"class_list":{"0":"post-2095","1":"post","2":"type-post","3":"status-publish","4":"format-standard","5":"has-post-thumbnail","7":"category-actus-archives","8":"category-cdi","9":"czr-hentry"},"_links":{"self":[{"href":"https:\/\/www.vinci-melun.org\/index.php\/wp-json\/wp\/v2\/posts\/2095","targetHints":{"allow":["GET"]}}],"collection":[{"href":"https:\/\/www.vinci-melun.org\/index.php\/wp-json\/wp\/v2\/posts"}],"about":[{"href":"https:\/\/www.vinci-melun.org\/index.php\/wp-json\/wp\/v2\/types\/post"}],"author":[{"embeddable":true,"href":"https:\/\/www.vinci-melun.org\/index.php\/wp-json\/wp\/v2\/users\/1"}],"replies":[{"embeddable":true,"href":"https:\/\/www.vinci-melun.org\/index.php\/wp-json\/wp\/v2\/comments?post=2095"}],"version-history":[{"count":1,"href":"https:\/\/www.vinci-melun.org\/index.php\/wp-json\/wp\/v2\/posts\/2095\/revisions"}],"predecessor-version":[{"id":2100,"href":"https:\/\/www.vinci-melun.org\/index.php\/wp-json\/wp\/v2\/posts\/2095\/revisions\/2100"}],"wp:featuredmedia":[{"embeddable":true,"href":"https:\/\/www.vinci-melun.org\/index.php\/wp-json\/wp\/v2\/media\/2098"}],"wp:attachment":[{"href":"https:\/\/www.vinci-melun.org\/index.php\/wp-json\/wp\/v2\/media?parent=2095"}],"wp:term":[{"taxonomy":"category","embeddable":true,"href":"https:\/\/www.vinci-melun.org\/index.php\/wp-json\/wp\/v2\/categories?post=2095"},{"taxonomy":"post_tag","embeddable":true,"href":"https:\/\/www.vinci-melun.org\/index.php\/wp-json\/wp\/v2\/tags?post=2095"}],"curies":[{"name":"wp","href":"https:\/\/api.w.org\/{rel}","templated":true}]}}